[{"@context":"https:\/\/schema.org\/","@type":"Article","@id":"https:\/\/www.panton.cz\/administrativa-je-pri-stehovani-nejen-v-praze-nekdy-unavnejsi-nez-fyzicka-prace\/#Article","mainEntityOfPage":"https:\/\/www.panton.cz\/administrativa-je-pri-stehovani-nejen-v-praze-nekdy-unavnejsi-nez-fyzicka-prace\/","headline":"Administrativa je p\u0159i st\u011bhov\u00e1n\u00ed (nejen) v Praze n\u011bkdy \u00fanavn\u011bj\u0161\u00ed, ne\u017e fyzick\u00e1 pr\u00e1ce","name":"Administrativa je p\u0159i st\u011bhov\u00e1n\u00ed (nejen) v Praze n\u011bkdy \u00fanavn\u011bj\u0161\u00ed, ne\u017e fyzick\u00e1 pr\u00e1ce","description":"Kdo pracuje \u201ehlavou\u201c m\u016f\u017ee m\u00edt n\u011bkdy pocit, \u017ee unaven\u00fd mnohem v\u00edc, ne\u017e kdy\u017e na chalup\u011b obd\u011bl\u00e1v\u00e1 z\u00e1hon s brambory. Podobn\u00fd pocit m\u016f\u017eete m\u00edt i tehdy, za\u010dnete-li se to\u010dit v \u201e\u00fa\u0159ednick\u00e9m kole\u010dku\u201c a za\u0159izovat v\u0161e pot\u0159ebn\u00e9 ohledn\u011b st\u011bhov\u00e1n\u00ed. N\u011bkter\u00e9 \u00fa\u0159edn\u00ed \u00fakony za v\u00e1s v\u0161ak bohu\u017eel nikdo nevy\u0159\u00edd\u00ed a mus\u00edte je absolvovat sami, i kdy\u017e m\u00e1te zaji\u0161t\u011bn\u00e9 [&hellip;]","datePublished":"2021-09-03","dateModified":"2023-05-06","author":{"@type":"Person","@id":"https:\/\/www.panton.cz\/author\/#Person","name":"","url":"https:\/\/www.panton.cz\/author\/","identifier":1,"image":{"@type":"ImageObject","@id":"https:\/\/secure.gravatar.com\/avatar\/831abbcc684823965c5caa39ae4561083127c8aedfe9e524c6cecc176998c733?s=96&d=mm&r=g","url":"https:\/\/secure.gravatar.com\/avatar\/831abbcc684823965c5caa39ae4561083127c8aedfe9e524c6cecc176998c733?s=96&d=mm&r=g","height":96,"width":96}},"publisher":{"@type":"Organization","name":"panton.cz","logo":{"@type":"ImageObject","@id":"\/logo.png","url":"\/logo.png","width":600,"height":60}},"image":{"@type":"ImageObject","@id":"https:\/\/www.panton.cz\/wp-content\/uploads\/fragile-ge09b5ddbe_640.jpg","url":"https:\/\/www.panton.cz\/wp-content\/uploads\/fragile-ge09b5ddbe_640.jpg","height":0,"width":0},"url":"https:\/\/www.panton.cz\/administrativa-je-pri-stehovani-nejen-v-praze-nekdy-unavnejsi-nez-fyzicka-prace\/","about":["Web"],"wordCount":452,"articleBody":"   Kdo pracuje \u201ehlavou\u201c m\u016f\u017ee m\u00edt n\u011bkdy pocit, \u017ee unaven\u00fd mnohem v\u00edc, ne\u017e kdy\u017e na chalup\u011b obd\u011bl\u00e1v\u00e1 z\u00e1hon s brambory. Podobn\u00fd pocit m\u016f\u017eete m\u00edt i tehdy, za\u010dnete-li se to\u010dit v \u201e\u00fa\u0159ednick\u00e9m kole\u010dku\u201c a za\u0159izovat v\u0161e pot\u0159ebn\u00e9 ohledn\u011b st\u011bhov\u00e1n\u00ed.N\u011bkter\u00e9 \u00fa\u0159edn\u00ed \u00fakony za v\u00e1s v\u0161ak bohu\u017eel nikdo nevy\u0159\u00edd\u00ed a mus\u00edte je absolvovat sami, i kdy\u017e m\u00e1te zaji\u0161t\u011bn\u00e9 st\u011bhov\u00e1n\u00ed na kl\u00ed\u010d s profesion\u00e1ly. St\u011bhovac\u00ed firma v\u00e1m vypom\u016f\u017ee s rozmontov\u00e1n\u00edm a sestaven\u00edm n\u00e1bytku, s instalac\u00ed spot\u0159ebi\u010d\u016f a bytov\u00fdch dopl\u0148k\u016f, zajist\u00ed balic\u00ed materi\u00e1l, p\u0159\u00edpadn\u011b v\u0161e zabal\u00ed, n\u011bkdy za\u0159\u00edd\u00ed i pokl\u00e1dku koberc\u016f nebo malov\u00e1n\u00ed interi\u00e9ru, ale nen\u00ed v\u0161emocn\u00e1. Co p\u0159ipadne na v\u00e1\u0161 vrub?Parkov\u00e1n\u00ed (nejen) st\u011bhovac\u00edho vozu \u2013 ve velk\u00fdch m\u011bstech b\u00fdv\u00e1 parkov\u00e1n\u00ed na n\u011bkter\u00fdch m\u00edstech placen\u00e9 a je rozumn\u00e9 s t\u00edm po\u010d\u00edtat i pro st\u011bhov\u00e1n\u00ed v Praze. Existuje v\u0161ak mo\u017enost po\u017e\u00e1dat o v\u00fdjimku na odboru dopravy tamn\u00edho m\u011bstsk\u00e9ho \u00fa\u0159adu, ov\u0161em jeden h\u00e1\u010dek to m\u00e1 \u2013 dle legislativy je lh\u016fta vy\u0159\u00edzen\u00ed \u017e\u00e1dosti a\u017e 30 dn\u016f. Z\u00e1rove\u0148 mo\u017en\u00e1 budete pot\u0159ebovat zajistit parkov\u00e1n\u00ed i pro sebe v nov\u00e9m p\u016fsobi\u0161ti.P\u0159epis energi\u00ed \u2013 jedna ze z\u00e1kladn\u00edch v\u011bc\u00ed, bez n\u00ed\u017e se neobejdete, a kterou je nutn\u00e9 vy\u0159\u00eddit smluvn\u00ed cestou. N\u011bkde to jde i prost\u0159ednictv\u00edm e-mailu \u010di telefonicky, ale podstatn\u00e9 je to neopom\u00edjet a odhl\u00e1sit i p\u0159ihl\u00e1sit \u201eenergie\u201c v\u010das. T\u00fdk\u00e1 se to zejm\u00e9na elekt\u0159iny, zemn\u00edho plynu, vodn\u00e9ho a sto\u010dn\u00e9ho \u010di d\u00e1lkov\u00e9ho tepla.N\u00e1jemn\u00ed smlouva \u2013 ustanoven\u00ed n\u00e1jemn\u00edch smluv by m\u011bla po\u010d\u00edtat s va\u0161\u00edm term\u00ednem st\u011bhov\u00e1n\u00ed a m\u011blo by to na sebe pru\u017en\u011b navazovat. Ka\u017edop\u00e1dn\u011b se vypl\u00e1c\u00ed sch\u016fzka s pronaj\u00edmatelem a dohodnut\u00ed p\u0159esn\u00fdch podm\u00ednek p\u0159ed\u00e1n\u00ed bytu a v\u0161eho, co je s t\u00edm spojen\u00e9.Nov\u00e9 doklady \u2013 budete u zm\u011bny trval\u00e9ho pobytu pot\u0159ebovat nov\u00e9 osobn\u00ed doklady, p\u0159edev\u0161\u00edm ob\u010dansk\u00fd pr\u016fkaz.Poji\u0161\u0165ovny, registr vozidel \u2013 zm\u011bna pobytu se t\u00fdk\u00e1 i zdravotn\u00ed poji\u0161\u0165ovny, technick\u00e9ho pr\u016fkazu vozidla a r\u016fzn\u00fdch poji\u0161\u0165ovac\u00edch instituc\u00ed, bank atp.Odhl\u00e1\u0161en\u00ed a p\u0159ihl\u00e1\u0161en\u00ed u z\u00e1jmov\u00fdch sdru\u017een\u00ed \u2013 nezapom\u00ednejte ani na r\u016fzn\u00e9 krou\u017eky a z\u00e1jmov\u00e9 organizace, knihovnu, posilovnu atd.                                                                                                                                                                                                                                                                                                                                                                                          3.5\/5 - (6 votes)        "},{"@context":"https:\/\/schema.org\/","@type":"BreadcrumbList","itemListElement":[{"@type":"ListItem","position":1,"name":"Administrativa je p\u0159i st\u011bhov\u00e1n\u00ed (nejen) v Praze n\u011bkdy \u00fanavn\u011bj\u0161\u00ed, ne\u017e fyzick\u00e1 pr\u00e1ce","item":"https:\/\/www.panton.cz\/administrativa-je-pri-stehovani-nejen-v-praze-nekdy-unavnejsi-nez-fyzicka-prace\/#breadcrumbitem"}]}]