[{"@context":"https:\/\/schema.org\/","@type":"Article","@id":"https:\/\/www.panton.cz\/pujcovna-aut-pronajima-vozidla-celorocne-treba-v-zime-do-krkonos\/#Article","mainEntityOfPage":"https:\/\/www.panton.cz\/pujcovna-aut-pronajima-vozidla-celorocne-treba-v-zime-do-krkonos\/","headline":"P\u016fj\u010dovna aut pronaj\u00edm\u00e1 vozidla celoro\u010dn\u011b, t\u0159eba v zim\u011b do Krkono\u0161","name":"P\u016fj\u010dovna aut pronaj\u00edm\u00e1 vozidla celoro\u010dn\u011b, t\u0159eba v zim\u011b do Krkono\u0161","description":"Pronajmout si v\u016fz je mo\u017en\u00e9 na cokoli, vydat se s n\u00edm m\u016f\u017eete t\u0159eba v l\u00e9t\u011b k p\u0159ehrad\u011b, na prohl\u00eddku hrad\u016f a z\u00e1mk\u016f, na svatebn\u00ed turn\u00e9 na \u0160umav\u011b a v Po\u0161umav\u00ed, ale tak\u00e9 s n\u00edm m\u016f\u017eete podniknout v\u00fdlety veskrze neobvykl\u00e9. T\u0159eba tematicky zam\u011b\u0159en\u00e9 na filmovou tvorbu s kapkou pam\u011btnick\u00e9 nostalgie. Sn\u011b\u017eenky a mach\u0159i V\u00edte, kde se [&hellip;]","datePublished":"2022-04-26","dateModified":"2023-05-06","author":{"@type":"Person","@id":"https:\/\/www.panton.cz\/author\/#Person","name":"","url":"https:\/\/www.panton.cz\/author\/","identifier":1,"image":{"@type":"ImageObject","@id":"https:\/\/secure.gravatar.com\/avatar\/831abbcc684823965c5caa39ae4561083127c8aedfe9e524c6cecc176998c733?s=96&d=mm&r=g","url":"https:\/\/secure.gravatar.com\/avatar\/831abbcc684823965c5caa39ae4561083127c8aedfe9e524c6cecc176998c733?s=96&d=mm&r=g","height":96,"width":96}},"publisher":{"@type":"Organization","name":"panton.cz","logo":{"@type":"ImageObject","@id":"\/logo.png","url":"\/logo.png","width":600,"height":60}},"image":{"@type":"ImageObject","@id":"https:\/\/www.panton.cz\/wp-content\/uploads\/mountains-1927988_640.jpg","url":"https:\/\/www.panton.cz\/wp-content\/uploads\/mountains-1927988_640.jpg","height":0,"width":0},"url":"https:\/\/www.panton.cz\/pujcovna-aut-pronajima-vozidla-celorocne-treba-v-zime-do-krkonos\/","about":["Slu\u017eby"],"wordCount":414,"articleBody":"   Pronajmout si v\u016fz je mo\u017en\u00e9 na cokoli, vydat se s n\u00edm m\u016f\u017eete t\u0159eba v l\u00e9t\u011b k p\u0159ehrad\u011b, na prohl\u00eddku hrad\u016f a z\u00e1mk\u016f, na svatebn\u00ed turn\u00e9 na \u0160umav\u011b a v Po\u0161umav\u00ed, ale tak\u00e9 s n\u00edm m\u016f\u017eete podniknout v\u00fdlety veskrze neobvykl\u00e9. T\u0159eba tematicky zam\u011b\u0159en\u00e9 na filmovou tvorbu s kapkou pam\u011btnick\u00e9 nostalgie.Sn\u011b\u017eenky a mach\u0159iV\u00edte, kde se nat\u00e1\u010del tento legend\u00e1rn\u00ed sn\u00edmek? M\u00e1me na mysli zejm\u00e9na prvn\u00ed d\u00edl, nebo\u0165 prvn\u00ed d\u00edly \u00fasp\u011b\u0161n\u00fdch komedi\u00ed b\u00fdvaj\u00ed nad\u010dasov\u00e9, a zpravidla lep\u0161\u00ed, ne\u017e jejich voln\u00e1 pokra\u010dov\u00e1n\u00ed. Cel\u00fd d\u011bj se odehr\u00e1v\u00e1 v Krkono\u0161\u00edch a pr\u00e1v\u011b sem byste se mohli zajet pod\u00edvat a porovnat m\u00edsta v sou\u010dasn\u00e9 dob\u011b s t\u011bmi p\u0159ed v\u00edce, ne\u017e \u010dty\u0159iceti lety.Chata, p\u0159ed jej\u00edm\u017e pr\u016f\u010del\u00edm se Radoslav Brzobohat\u00fd napil ml\u00e9ka, se jmenuje Smet\u00e1nka a najdete ji v Peci pod Sn\u011b\u017ekou. Z\u00e1b\u011bry z interi\u00e9ru chalupy, kde bylo osazenstvo ubytov\u00e1no, jsou v\u0161ak z Moravsk\u00e9 boudy ve \u0160pindlerov\u011b Ml\u00fdn\u011b. Ly\u017ea\u0159sk\u00fd vlek, kde Viki Cabadaj nabral Radka P\u0159evr\u00e1tila, a kde se p\u0159edb\u00edhalo ve front\u011b, je p\u0159edch\u016fdcem sou\u010dasn\u00e9 seda\u010dkov\u00e9 lanovky na Hn\u011bd\u00fd vrch v Peci pod Sn\u011b\u017ekou.Poho\u0159\u00ed YDYKSEBVybav\u00edte-li si film \u201eS tebou m\u011b bav\u00ed sv\u011bt\u201c, a n\u00e1zev poho\u0159\u00ed \u201eYDYKSEB\u201c, co\u017e jsou pozp\u00e1tku Beskydy, se ve skute\u010dnosti nenat\u00e1\u010del v Beskydech, ale p\u0159ev\u00e1\u017en\u011b op\u011bt v Krkono\u0161\u00edch. Slavn\u00e1 chalupa Apalucha dnes st\u00e1le stoj\u00ed na Zlat\u00e9m n\u00e1vr\u0161\u00ed mezi Pec\u00ed pod Sn\u011b\u017ekou a Doln\u00edm Dvorem.Tato m\u00edsta, kter\u00e1 prov\u00e1zela a prov\u00e1z\u00ed dodnes jedny z nej\u00fasp\u011b\u0161n\u011bj\u0161\u00edch filmov\u00fdch komedi\u00ed, si m\u016f\u017eete prohl\u00e9dnout s pronajat\u00fdm vozem z p\u016fj\u010dovny aut v Praze, kter\u00e1 poskytuje vozy po cel\u00fd rok. M\u016f\u017eete si v Krkono\u0161\u00edch zajistit ubytov\u00e1n\u00ed, a Apaluchu nebo chatu, kde se v odpo\u010dinkov\u00fd den na leh\u00e1tk\u00e1ch slunila kr\u00e1sn\u00e1 Veronika Freimanov\u00e1, si prohl\u00e9dnete a osah\u00e1te a p\u0159ipomenete si ty vz\u00e1cn\u00e9 okam\u017eiky, kdy tu kameraman sn\u00edmal z\u00e1b\u011bry podle klapky a pokyn\u016f re\u017eis\u00e9r\u016f. A mo\u017en\u00e1 se v\u00e1m vybav\u00ed i herci, kte\u0159\u00ed u\u017e bohu\u017eel nejsou mezi n\u00e1mi.                                                                                                                                                                                                                                                                                                                                                                                          3.7\/5 - (6 votes)        "},{"@context":"https:\/\/schema.org\/","@type":"BreadcrumbList","itemListElement":[{"@type":"ListItem","position":1,"name":"P\u016fj\u010dovna aut pronaj\u00edm\u00e1 vozidla celoro\u010dn\u011b, t\u0159eba v zim\u011b do Krkono\u0161","item":"https:\/\/www.panton.cz\/pujcovna-aut-pronajima-vozidla-celorocne-treba-v-zime-do-krkonos\/#breadcrumbitem"}]}]